[{"nid":"7875","title":"Focus m\u00e9tiers Transport - Logistique","field_key_intro_image":"https:\/\/www.aft-dev.com\/sites\/default\/files\/agenda\/Focus-m%C3%A9tiers_5.jpg","field_category":"Logistique, Orientation, Transport","path":"https:\/\/www.aft-dev.com\/agenda\/focus-metiers-transport-logistique-15","body":"\u003Cp\u003EVenez nous rejoindre le mardi 7 juillet 2026\u00a0pour participer au Focus m\u00e9tier sur le Transport et la Logistique\u003C\/p\u003E","date_debut":"2026-07-07 08:00","date_fin":"2026-07-07 09:30","field_tags_public":"Particulier, Professionnel de la p\u00e9dagogie, Partenaire"},{"nid":"8132","title":"Transport Logistique \u2013 En route vers un secteur essentiel\u202f \u00e0 Bezannes","field_key_intro_image":"https:\/\/www.aft-dev.com\/sites\/default\/files\/agenda\/vignette%20agenda%20AFT.png","field_category":"Promotion-Valorisation, Orientation, Transport","path":"https:\/\/www.aft-dev.com\/agenda\/transport-logistique-en-route-vers-secteur-essentiel-bezannes","body":"\u003Cp\u003E\u003Cstrong\u003EL\u2019AFT Transport \u0026amp; Logistique et France Travail, organisent \u201c Transport Logistique - En route vers un secteur essentiel\u00a0\u201d le 26\u00a0juin 2026 \u00e0 l\u0027agence France Travail de Bezannes\u00a0afin de faire d\u00e9couvrir aux jeunes, aux demandeurs d\u2019emploi et aux personnes en reconversion professionnelle toutes les opportunit\u00e9s disponibles dans ce secteur dynamique\u003C\/strong\u003E.\u003C\/p\u003E","date_debut":"2026-06-26 07:30","date_fin":"2026-06-26 10:30","field_tags_public":"Entreprise, Particulier, Partenaire"},{"nid":"6136","title":"TOULOUSE : Pr\u00e9sentation des m\u00e9tiers de la logistique ","field_key_intro_image":"","field_category":"Promotion-Valorisation, Emploi, Formation, Logistique, Orientation, Transport","path":"https:\/\/www.aft-dev.com\/agenda\/toulouse-presentation-metiers-logistique","body":"\u003Cp\u003EL\u0027AFT Occitanie pr\u00e9sentera les m\u00e9tiers de la Logistique\u00a0le Jeudi 25 juin prochain\u00a0de 14h \u00e0 16h \u00e0 la Maison de l\u0027Orientation Toulouse Bellefontaine.\u00a0\u003C\/p\u003E","date_debut":"2026-06-25 12:00","date_fin":"2026-06-25 12:00","field_tags_public":"Entreprise, Particulier, Partenaire"},{"nid":"8126","title":"En route vers un secteur essentiel \u00e0 Rethel ! ","field_key_intro_image":"https:\/\/www.aft-dev.com\/sites\/default\/files\/agenda\/Publication%20LinkedIn.png","field_category":"Communication, Promotion-Valorisation","path":"https:\/\/www.aft-dev.com\/agenda\/en-route-vers-secteur-essentiel-rethel","body":"\u003Cp class=\u0022text-align-justify\u0022\u003E\u003Cstrong\u003EL\u2019AFT Transport \u0026amp; Logistique et France Travail, organisent \u201c Transport Logistique - En route vers un secteur essentiel\u00a0\u201d le 25 juin 2026 \u00e0 la m\u00e9diath\u00e8que de Rethel, place de l\u2019Octroi, 08300 Rethel afin de faire d\u00e9couvrir aux jeunes, aux demandeurs d\u2019emploi et aux personnes en reconversion professionnelle toutes les opportunit\u00e9s disponibles dans ce secteur dynamique\u003C\/strong\u003E.\u003C\/p\u003E","date_debut":"2026-06-25 09:00","date_fin":"2026-06-25 14:00","field_tags_public":"Entreprise, Particulier, Professionnel de la p\u00e9dagogie, Partenaire"},{"nid":"6998","title":"ALES : Pr\u00e9sentation des m\u00e9tiers du transport et de la Logistique","field_key_intro_image":"","field_category":"Promotion-Valorisation, Emploi, Formation, Logistique, Orientation, Transport","path":"https:\/\/www.aft-dev.com\/agenda\/ales-presentation-metiers-transport-logistique-1","body":"\u003Cp\u003EL\u0027AFT Occitanie pr\u00e9sentera en collaboration avec France Travail, les m\u00e9tiers du transport et de la logistique aux demandeurs d\u0027emploi de Al\u00e8s le Mardi 23 juin prochain de 10h \u00e0 12h.\u003C\/p\u003E\n\n\u003Cp\u003E\u00a0\u003C\/p\u003E\n\n\u003Cp class=\u0022encadre\u0022\u003EInscription aupr\u00e8s de son conseiller France Travail\u003C\/p\u003E","date_debut":"2026-06-23 08:00","date_fin":"2026-06-23 08:00","field_tags_public":"Entreprise, Particulier, Partenaire"},{"nid":"7492","title":"Gramat : Focus sur les m\u00e9tiers du transport routier de voyageurs ","field_key_intro_image":"","field_category":"Promotion-Valorisation, Emploi, Formation, Logistique, Orientation, Transport","path":"https:\/\/www.aft-dev.com\/agenda\/gramat-focus-metiers-transport-routier-voyageurs","body":"\u003Cp\u003EDans le cadre de la semaine Transport logistique de France Travail, l\u0027AFT Occitanie en partenariat avec la FNTV animera un focus sur les m\u00e9tiers du transport routier de voyageurs le mardi 23 juin prochain.\u00a0\u003C\/p\u003E\n\n\u003Cp class=\u0022encadre\u0022\u003EInscription aupr\u00e8s de son conseiller France Travail\u00a0\u003C\/p\u003E","date_debut":"2026-06-23 07:00","date_fin":"2026-06-23 07:00","field_tags_public":"Entreprise, Particulier, Partenaire"},{"nid":"8161","title":"Carbonne : Place du TAF - Travail Avenir Formation ","field_key_intro_image":"","field_category":"Promotion-Valorisation, Emploi, Formation, Logistique, Orientation, Transport","path":"https:\/\/www.aft-dev.com\/agenda\/carbonne-place-taf-travail-avenir-formation","body":"\u003Cp\u003EParticipation de l\u0027AFT Occitanie \u00e0 la Place du\u00a0 TAF (Travail Avenir Formation)\u00a0qu\u0027organisent France Travail et\u00a0\u00a0la R\u00e9gion le Vendredi 19\u00a0juin prochain \u00e0 Carbonne.\u003C\/p\u003E","date_debut":"2026-06-19 12:00","date_fin":"2026-06-19 12:00","field_tags_public":"Entreprise, Particulier, Partenaire"},{"nid":"4567","title":"Muret : Pr\u00e9sentation des m\u00e9tiers Transport Logistique","field_key_intro_image":"","field_category":"Promotion-Valorisation, Emploi, Formation, Logistique, Orientation, Transport","path":"https:\/\/www.aft-dev.com\/agenda\/muret-presentation-metiers-transport-logistique","body":"\u003Cp\u003EVenez d\u00e9couvrir les m\u00e9tiers du secteur Transport Logistique pr\u00e9sent\u00e9s par l\u0027AFT Occitanie Vendredi 19 juin \u00e0 9h\u00a0\u00e0 l\u0027Agence FRANCE TRAVAIL\u00a0de Muret.\u003C\/p\u003E\n\n\u003Cp\u003E\u00a0\u003C\/p\u003E\n\n\u003Cp class=\u0022encadre\u0022\u003EIMPORTANT : Inscription obligatoire aupr\u00e8s de votre conseiller FRANCE TRAVAIL\u00a0\u003C\/p\u003E\n\n\u003Cp\u003E\u00a0\u003C\/p\u003E\n\n\u003Cp\u003E\u00a0\u003C\/p\u003E","date_debut":"2026-06-19 07:00","date_fin":"2026-06-19 07:00","field_tags_public":"Particulier, Partenaire"},{"nid":"7954","title":"Webinaire Focus M\u00e9tiers : Le Transport Routier de Marchandises","field_key_intro_image":"https:\/\/www.aft-dev.com\/sites\/default\/files\/agenda\/Banniere_WEBINAR_700x500_HDF_080422_11.jpg","field_category":"Promotion-Valorisation, Emploi, Formation, Logistique, Orientation, Transport","path":"https:\/\/www.aft-dev.com\/agenda\/webinaire-focus-metiers-transport-routier-marchandises-4","body":"\u003Cp\u003ESecteur cl\u00e9 de l\u2019\u00e9conomie, le \u003Cstrong\u003ETransport Routier de Marchandises\u003C\/strong\u003E joue un r\u00f4le essentiel dans notre quotidien. Derri\u00e8re chaque livraison se cachent des m\u00e9tiers vari\u00e9s, accessibles et porteurs d\u2019avenir. participez \u00e0 notre \u003Cstrong\u003Ewebinaire\u003C\/strong\u003E gratuit d\u2019une heure d\u00e9di\u00e9 \u00e0 ce secteur !\u003C\/p\u003E","date_debut":"2026-06-18 12:00","date_fin":"2026-06-18 13:00","field_tags_public":"Particulier"},{"nid":"6631","title":"Montpellier : Action Logistique, Transport de Marchandises et Transport de Voyageurs","field_key_intro_image":"","field_category":"Promotion-Valorisation, Emploi, Formation, Logistique, Orientation, Transport","path":"https:\/\/www.aft-dev.com\/agenda\/montpellier-action-logistique-transport-marchandises-transport-voyageurs","body":"\u003Cp\u003EDans le cadre de semaine Transport Logistique de France Travail, participez \u00e0 l\u0027Action logistique, transport de marchandises et transport de voyageurs\u00a0avec pr\u00e9sentation des m\u00e9tiers par l\u0027AFT Occitanie, le mercredi 17\u00a0juin prochain de 9h chez Promotrans Montpellier.\u003C\/p\u003E\n\n\u003Cp\u003E\u00a0\u003C\/p\u003E\n\n\u003Cp class=\u0022encadre\u0022\u003EVous \u00eates int\u00e9ress\u00e9s, rapprochez vous de votre conseiller France Travail\u00a0\u003C\/p\u003E","date_debut":"2026-06-17 07:00","date_fin":"2026-06-17 07:00","field_tags_public":"Entreprise, Particulier, Partenaire"},{"nid":"8147","title":"Forum transport - Logistique \u00e0 Rouffach","field_key_intro_image":"https:\/\/www.aft-dev.com\/sites\/default\/files\/agenda\/vignette%20agenda%20AFT_3.png","field_category":"Promotion-Valorisation, Emploi, Formation, Logistique, Orientation, Transport","path":"https:\/\/www.aft-dev.com\/agenda\/forum-transport-logistique-rouffach","body":"\u003Cp\u003EA l\u0027occasion de la semaine Transport Logistique organis\u00e9e par France Travail, venez \u00e9changer avec celles et ceux qui recrutent et qui t\u00e9moignent lors de cet \u00e9venement co organis\u00e9 par l\u0027AFT.\u003C\/p\u003E\n\n\u003Cp\u003E\u00a0\u003C\/p\u003E","date_debut":"2026-06-16 12:00","date_fin":"2026-06-16 15:00","field_tags_public":"Entreprise, Particulier, Partenaire"},{"nid":"2564","title":"PERPIGNAN : D\u00e9couverte des m\u00e9tiers du transport et de la logistique ","field_key_intro_image":"","field_category":"Promotion-Valorisation, Emploi, Enseignement professionnel, Formation, Orientation, Transport","path":"https:\/\/www.aft-dev.com\/agenda\/perpignan-decouverte-metiers-transport-logistique","body":"\u003Cp\u003EDans la cadre de la semaine transport logistique de France Travail, l\u0027AFT pr\u00e9sentera les m\u00e9tiers du Transport et\u00a0de la Logistique\u00a0aux demandeurs d\u0027emploi de Perpignan le Mardi 16 juin prochain \u00e0 9h.\u003C\/p\u003E\n\n\u003Cp class=\u0022encadre\u0022\u003EInscription aupr\u00e8s de votre conseiller France Travail\u003C\/p\u003E","date_debut":"2026-06-16 07:00","date_fin":"2026-06-15 22:00","field_tags_public":"Particulier, Partenaire"},{"nid":"5753","title":"VAUVERT : Pr\u00e9sentation des m\u00e9tiers du transport et de la logistique ","field_key_intro_image":"","field_category":"Promotion-Valorisation, Emploi, Formation, Logistique, Orientation, Transport","path":"https:\/\/www.aft-dev.com\/agenda\/vauvert-presentation-metiers-transport-logistique","body":"\u003Cp\u003EDans le cadre de la semaine Transport Logistique de France Travail, l\u0027AFT Occitanie pr\u00e9sentera\u00a0les m\u00e9tiers du transport et de la logistique\u00a0\u00a0le mardi 16 juin prochain aux demandeurs d\u0027emploi de France Travail de\u00a0Vauvert\u00a0\u003C\/p\u003E","date_debut":"2026-06-16 07:00","date_fin":"2026-06-16 07:00","field_tags_public":"Entreprise, Particulier, Partenaire"},{"nid":"5773","title":"Bagnols : \u0026quot;Le transport n\u0026#039;a pas de fronti\u00e8re\u0026quot; ","field_key_intro_image":"","field_category":"Promotion-Valorisation, Emploi, Formation, Logistique, Orientation, Transport","path":"https:\/\/www.aft-dev.com\/agenda\/bagnols-transport-na-pas-frontiere","body":"\u003Cp\u003EL\u0027AFT Occitanie animera\u00a0en collaboration avec\u00a0 PROMOTRANS et FRANCE TRAVAIL, une action intitul\u00e9e \u0022Le transport n\u0027a pas de fronti\u00e8re\u0022\u00a0le Lundi 15 juin prochain de 9h \u00e0 12h\u00a0dans les locaux de France Travail de\u00a0Bagnols.\u00a0\u003C\/p\u003E\n\n\u003Cp\u003E\u00a0\u003C\/p\u003E\n\n\u003Cp\u003E\u00a0\u003C\/p\u003E\n\n\u003Cp class=\u0022encadre\u0022\u003EInscription obligatoire aupr\u00e8s de son conseiller P\u00f4le emploi.\u003C\/p\u003E","date_debut":"2026-06-15 07:00","date_fin":"2026-06-15 07:00","field_tags_public":"Entreprise, Particulier, Partenaire"},{"nid":"8145","title":"Escape game logistique - Haguenau","field_key_intro_image":"https:\/\/www.aft-dev.com\/sites\/default\/files\/agenda\/vignette%20agenda%20AFT_2.png","field_category":"Promotion-Valorisation, Emploi, Logistique, Orientation, Transport","path":"https:\/\/www.aft-dev.com\/agenda\/escape-game-logistique-haguenau","body":"\u003Cp\u003EParticipez \u00e0 un escape game num\u00e9rique en \u00e9quipe \u00e0 l\u0027occasion de la semaine des m\u00e9tiers Transport Logistique organis\u00e9e par France Travail.\u003C\/p\u003E","date_debut":"2026-06-15 07:00","date_fin":"2026-06-15 10:00","field_tags_public":"Entreprise, Particulier, Partenaire"},{"nid":"8143","title":"Escape game logistique - S\u00e9lestat","field_key_intro_image":"https:\/\/www.aft-dev.com\/sites\/default\/files\/agenda\/vignette%20agenda%20AFT_1.png","field_category":"Promotion-Valorisation, Emploi, Logistique, Orientation, Transport","path":"https:\/\/www.aft-dev.com\/agenda\/escape-game-logistique-selestat","body":"\u003Cp\u003EParticipez \u00e0 un escape game num\u00e9rique en \u00e9quipe \u00e0 l\u0027occasion de la semaine des m\u00e9tiers Transport Logistique organis\u00e9e par France Travail.\u003C\/p\u003E","date_debut":"2026-06-12 08:00","date_fin":"2026-06-12 08:00","field_tags_public":"Entreprise, Particulier, Partenaire"},{"nid":"8141","title":"Escape game logistique - Saverne","field_key_intro_image":"https:\/\/www.aft-dev.com\/sites\/default\/files\/agenda\/vignette%20agenda%20AFT_0.png","field_category":"Promotion-Valorisation, Emploi, Logistique, Orientation, Transport","path":"https:\/\/www.aft-dev.com\/agenda\/escape-game-logistique-saverne","body":"\u003Cp\u003EParticipez \u00e0 un escape game num\u00e9rique en \u00e9quipe \u00e0 l\u0027occasion de la semaine des m\u00e9tiers Transport Logistique organis\u00e9e par France Travail.\u003C\/p\u003E","date_debut":"2026-06-11 07:30","date_fin":"2026-06-11 09:30","field_tags_public":"Entreprise, Particulier, Partenaire"},{"nid":"6140","title":"Clermont l\u0026#039;h\u00e9rault : D\u00e9tection de potentiel Transport\/Logistique ","field_key_intro_image":"","field_category":"Promotion-Valorisation, Emploi, Formation, Logistique, Orientation, Transport","path":"https:\/\/www.aft-dev.com\/agenda\/clermont-lherault-detection-potentiel-transportlogistique","body":"\u003Cp\u003EL\u0027AFT Occitanie accompagnera l\u0027agence France Travail\u00a0\u00a0de Clermont l\u0027h\u00e9rault le Jeudi 11 juin prochain de 9h30 \u00e0 11h dans la d\u00e9tection de potentiel dans le transport et la logistique.\u00a0\u003C\/p\u003E","date_debut":"2026-06-11 07:30","date_fin":"2026-06-11 07:30","field_tags_public":"Entreprise, Particulier, Partenaire"},{"nid":"3214","title":"Montpellier : Place du TAF -  Travail Avenir Formation ","field_key_intro_image":"","field_category":"Promotion-Valorisation, Emploi, Formation, Logistique, Orientation, Transport","path":"https:\/\/www.aft-dev.com\/agenda\/montpellier-place-taf-travail-avenir-formation","body":"\u003Cp\u003EParticipation de l\u0027AFT Occitanie \u00e0 la Place du\u00a0 TAF (Travail Avenir Formation)\u00a0qu\u0027organisent France Travail et\u00a0 la R\u00e9gion le Mercredi 10 juin prochain \u00e0 Montpellier.\u00a0\u003C\/p\u003E\n\n\u003Cp\u003E\u00a0\u003C\/p\u003E","date_debut":"2026-06-10 07:00","date_fin":"2026-06-10 07:00","field_tags_public":"Entreprise, Particulier, Professionnel de la p\u00e9dagogie, Partenaire"},{"nid":"8029","title":"Dialogue avec 1 pro \u0026quot;Convoyeur de fonds\u0026quot;","field_key_intro_image":"https:\/\/www.aft-dev.com\/sites\/default\/files\/agenda\/Vignette-site-aft-dialogue-avec-1-pro%20%28700%20x%20465%20px%29_1.jpg","field_category":"Promotion-Valorisation, Emploi, Formation","path":"https:\/\/www.aft-dev.com\/agenda\/dialogue-1-pro-convoyeur-fonds","body":"\u003Ch2\u003EVenez \u00e9changer en ligne avec\u00a0un\u00a0 professionnel du secteur transport\/logistique\u003C\/h2\u003E\n\n\u003Cp\u003EInteractif, rapide et facile \u00e0 mettre en oeuvre, vous \u00e9coutez gr\u00e2ce \u00e0 une connexion internet, un ou une professionnelle expliquer son m\u00e9tier en direct.\u00a0\u003C\/p\u003E","date_debut":"2026-06-09 12:00","date_fin":"2026-06-09 13:00","field_tags_public":"Particulier, Professionnel de la p\u00e9dagogie, Partenaire"},{"nid":"5346","title":"Agde : D\u00e9tection potentiel de candidats aux m\u00e9tiers du Transport Logistique \u00e0 France Travail","field_key_intro_image":"","field_category":"Promotion-Valorisation, Emploi, Formation, Logistique, Orientation, Transport","path":"https:\/\/www.aft-dev.com\/agenda\/agde-detection-potentiel-candidats-aux-metiers-transport-logistique-france-travail","body":"\u003Cp\u003EPr\u00e9sentation des m\u00e9tiers Transport Logistique aux demandeurs d\u0027emploi, le Mardi 9 juin\u00a0de 9h \u00e0 12h \u00e0\u00a0 France Travail\u00a0d\u0027Agde.\u003C\/p\u003E\n\n\u003Cp\u003E\u00a0\u003C\/p\u003E\n\n\u003Cp class=\u0022encadre\u0022\u003EInscription obligatoire aupr\u00e8s de son conseiller France Travail\u003C\/p\u003E\n\n\u003Cp\u003E\u00a0\u003C\/p\u003E","date_debut":"2026-06-09 07:00","date_fin":"2026-06-09 07:00","field_tags_public":"Entreprise, Particulier, Partenaire"},{"nid":"8133","title":"Parlons m\u00e9tiers en live :  Immergez-vous au sein d\u0026#039;un atelier m\u00e9canique !","field_key_intro_image":"https:\/\/www.aft-dev.com\/sites\/default\/files\/agenda\/Miniature%20site%20AFT.png","field_category":"Promotion-Valorisation, Emploi","path":"https:\/\/www.aft-dev.com\/agenda\/parlons-metiers-en-live-immergez-vous-sein-dun-atelier-mecanique","body":"\u003Cp\u003EEt si vous faisiez vivre \u00e0 vos publics une immersion 100% terrain\u2026 sans quitter leur salle ou leur bureau ?\u00a0Durant 1 heure, plongez au c\u0153ur de l\u0027entreprise\u00a0\u003Cem\u003E\u003Ca href=\u0022https:\/\/u51923596.ct.sendgrid.net\/ls\/click?upn=u001.fpE7L-2F7euaPx0uyocro7kZuTMo9jRRWwSOdp8o8vV8FRUuvQpVvTwxTsk2rJ4NkTDQZK_uoJNvF-2FASjth9StXKTRb2JZg-2B7yBXegHF2GWNOyn1SE6WjGPSVZufTUtxsnP7cAAzrAbqDb5Osoh5XkpzZaR6A4PCr3oL2o-2BDhOHx9x56du1a2LU4IkYOTPFTtuDAOmfN0ykliAV6W-2BaI8RCtz-2Bwc7r7eOqPcxqRkyPgZuIow03yb7B9NByskKnzc6h9wAMG5M2bTjZyyuYxsPzCi89yFg-3D-3D\u0022 target=\u0022_blank\u0022\u003E\u003Cstrong\u003ELes Rapides du Poitou\u003C\/strong\u003E\u003C\/a\u003E\u003C\/em\u003E\u00a0et d\u00e9couvrez en live le quotidien d\u0027un chef d\u0027atelier et d\u0027un m\u00e9canicien, assistez \u00e0 une r\u00e9paration sur un car et posez vos questions en direct.\u003C\/p\u003E","date_debut":"2026-06-04 12:00","date_fin":"2026-06-04 13:00","field_tags_public":"Entreprise, Particulier, Professionnel de la p\u00e9dagogie, Partenaire"},{"nid":"7874","title":"Focus m\u00e9tiers Transport - Logistique","field_key_intro_image":"https:\/\/www.aft-dev.com\/sites\/default\/files\/agenda\/Focus-m%C3%A9tiers_4.jpg","field_category":"Logistique, Orientation, Transport","path":"https:\/\/www.aft-dev.com\/agenda\/focus-metiers-transport-logistique-14","body":"\u003Cp\u003EVenez nous rejoindre le mardi 2 juin 2026\u00a0pour participer au Focus m\u00e9tier sur le Transport et la Logistique\u003C\/p\u003E","date_debut":"2026-06-02 08:00","date_fin":"2026-06-02 09:30","field_tags_public":"Particulier, Professionnel de la p\u00e9dagogie, Partenaire"},{"nid":"7486","title":"Montauban : Information sur les m\u00e9tiers du Transport et de la Logistique \u00e0 France Travail ","field_key_intro_image":"","field_category":"Promotion-Valorisation, Emploi, Formation, Logistique, Orientation, Transport","path":"https:\/\/www.aft-dev.com\/agenda\/montauban-information-metiers-transport-logistique-france-travail-0","body":"\u003Cp\u003EL\u0027AFT Occitanie pr\u00e9sentera les\u00a0m\u00e9tiers du Transport et de la Logistique\u00a0aux demandeurs d\u0027emploi, le mercredi 27 mai\u00a0prochain de 9h\u00a0\u00e0 12h \u00e0 FRANCE TRAVAIL\u00a0de Montauban.\u003C\/p\u003E\n\n\u003Cp\u003E\u00a0\u003C\/p\u003E\n\n\u003Cp class=\u0022encadre\u0022\u003EInscription obligatoire aupr\u00e8s de son conseiller France Travail\u003C\/p\u003E","date_debut":"2026-05-27 07:00","date_fin":"2026-05-27 07:00","field_tags_public":"Entreprise, Particulier, Partenaire"},{"nid":"5278","title":"B\u00e9ziers :  Les m\u00e9tiers de l\u0026#039;entreprise et du stockage ","field_key_intro_image":"https:\/\/www.aft-dev.com\/sites\/default\/files\/agenda\/format-carr%C3%A9-focus-m%C3%A9tiers-occitanie%20%28700%C2%A0%C3%97%C2%A0500%C2%A0px%29_11.jpg","field_category":"Promotion-Valorisation, Emploi, Formation, Logistique, Orientation, Transport","path":"https:\/\/www.aft-dev.com\/agenda\/beziers-metiers-lentreprise-stockage","body":"\u003Cp\u003EL\u0027AFT Transport \u0026amp; Logistique Occitanie vous propose en partenariat avec la Maison de R\u00e9gion, une pr\u00e9sentation sur \u0022Les m\u00e9tiers de l\u0027entreprise et du stockage\u0022 le vendredi 22 mai\u00a0prochain\u00a0\u00e0 10h\u00a0\u00e0 la Maison de R\u00e9gion de B\u00e9ziers.\u003C\/p\u003E\n\n\u003Cp\u003E\u00a0Alors n\u0027attendez pas contacter votre Maison de R\u00e9gion.!\u003C\/p\u003E\n\n\u003Cp\u003E\u00a0\u003C\/p\u003E","date_debut":"2026-05-22 08:00","date_fin":"2026-05-22 08:00","field_tags_public":"Entreprise, Particulier, Partenaire"},{"nid":"7953","title":"Webinaire Focus M\u00e9tiers : Le Transport Routier de Voyageurs","field_key_intro_image":"https:\/\/www.aft-dev.com\/sites\/default\/files\/agenda\/Banniere_WEBINAR_700x500_HDF_080422_10.jpg","field_category":"Promotion-Valorisation, Emploi, Formation, Logistique, Orientation, Transport","path":"https:\/\/www.aft-dev.com\/agenda\/webinaire-focus-metiers-transport-routier-voyageurs-1","body":"\u003Cp\u003ED\u00e9couvrez les m\u00e9tiers du \u003Cstrong\u003ETransport Routier de Voyageurs\u003C\/strong\u003E et plongez au c\u0153ur d\u2019un secteur \u003Cstrong\u003Eessentiel \u00e0 la mobilit\u00e9 de tous\u003C\/strong\u003E.\u003Cbr \/\u003E\nParticipez \u00e0 notre webinaire gratuit d\u2019une heure pour explorer ses nombreuses opportunit\u00e9s professionnelles.\u003C\/p\u003E","date_debut":"2026-05-21 12:00","date_fin":"2026-05-21 13:00","field_tags_public":"Particulier"},{"nid":"3462","title":"Toulouse : Focus m\u00e9tiers Conduite et Op\u00e9rateur logistique","field_key_intro_image":"https:\/\/www.aft-dev.com\/sites\/default\/files\/agenda\/format-carr%C3%A9-focus-m%C3%A9tiers-occitanie%20%28700%C2%A0%C3%97%C2%A0500%C2%A0px%29_5.jpg","field_category":"Promotion-Valorisation, Emploi, Formation, Logistique, Orientation, Transport","path":"https:\/\/www.aft-dev.com\/agenda\/toulouse-focus-metiers-conduite-operateur-logistique","body":"\u003Cp\u003EL\u0027AFT Transport \u0026amp; Logistique Occitanie vous propose un Focus sur les m\u00e9tiers de la conduite\u00a0du Transport Marchandises et Voyageurs et sur le m\u00e9tier d\u0027Op\u00e9rateur logistique, le Mardi 19 mai\u00a0prochain\u00a0\u00e0 14h \u00e0 la Maison de l\u0027Orientation Toulouse centre.\u003C\/p\u003E\n\n\u003Cp\u003E\u00a0Alors n\u0027attendez pas !\u00a0 Inscrivez-vous.\u00a0\u003C\/p\u003E\n\n\u003Cp class=\u0022encadre\u0022\u003EInscription aupr\u00e8s de la Maison de l\u0027Orientation de Toulouse\u003C\/p\u003E\n\n\u003Cp\u003E\u00a0\u003C\/p\u003E","date_debut":"2026-05-19 12:00","date_fin":"2026-05-19 12:00","field_tags_public":"Entreprise, Particulier, Professionnel de la p\u00e9dagogie, Partenaire"},{"nid":"7721","title":"Les M\u00e9tiers en Tourn\u00e9e - F\u00e9camp","field_key_intro_image":"https:\/\/www.aft-dev.com\/sites\/default\/files\/agenda\/PHOTO%20-%20Site%20AFT%20%286%29.png","field_category":"Promotion-Valorisation","path":"https:\/\/www.aft-dev.com\/agenda\/metiers-en-tournee-fecamp","body":"\u003Cp\u003EL\u2019Agence R\u00e9gionale de l\u2019Orientation et des M\u00e9tiers et ses partenaires vous attendent pour la prochaine date des M\u00e9tiers en Tourn\u00e9e les 19 et 20 mai 2026\u00a0\u00e0 la Salle Galets \u00e0 F\u00e9camp.\u003C\/p\u003E","date_debut":"2026-05-19 07:00","date_fin":"2026-05-20 14:00","field_tags_public":"Entreprise, Particulier, Partenaire"},{"nid":"7625","title":"Castelginest : Pr\u00e9sentation des m\u00e9tiers Transport Logistique ","field_key_intro_image":"","field_category":"Promotion-Valorisation, Emploi, Formation, Logistique, Orientation, Transport","path":"https:\/\/www.aft-dev.com\/agenda\/castelginest-presentation-metiers-transport-logistique","body":"\u003Cp\u003EVenez d\u00e9couvrir les m\u00e9tiers du secteur Transport Logistique pr\u00e9sent\u00e9s par l\u0027AFT Occitanie jeudi 7 mai\u00a0\u00e0 9h\u00a0\u00e0 l\u0027Agence FRANCE TRAVAIL\u00a0de Castelginest.\u003C\/p\u003E\n\n\u003Cp class=\u0022encadre\u0022\u003EInscription obligatoire aupr\u00e8s de votre conseiller France Travail\u00a0\u003C\/p\u003E","date_debut":"2026-05-07 07:00","date_fin":"2026-05-07 07:00","field_tags_public":"Particulier, Partenaire"},{"nid":"598","title":"Montpellier : Des jeunes de l\u0026#039;\u00c9cole de la 2\u00e8me chance d\u00e9couvrent les m\u00e9tiers du transport et de la logistique ","field_key_intro_image":"","field_category":"Promotion-Valorisation, Emploi, Formation, Logistique, Orientation, Transport","path":"https:\/\/www.aft-dev.com\/agenda\/montpellier-jeunes-lecole-2eme-chance-decouvrent-metiers-transport-logistique","body":"\u003Cp\u003EJeudi 7 mai prochain, l\u0027AFT Occitanie fera d\u00e9couvrir aux jeunes de l\u0027Ecole de la 2eme chance de Montpellier, les diff\u00e9rents m\u00e9tiers du transport et de la logistique.\u00a0\u003C\/p\u003E\n","date_debut":"2026-05-07 07:00","date_fin":"2026-05-06 22:00","field_tags_public":"Entreprise, Particulier, Partenaire"},{"nid":"7873","title":"Focus m\u00e9tiers Transport - Logistique","field_key_intro_image":"https:\/\/www.aft-dev.com\/sites\/default\/files\/agenda\/Focus-m%C3%A9tiers_3.jpg","field_category":"Logistique, Orientation, Transport","path":"https:\/\/www.aft-dev.com\/agenda\/focus-metiers-transport-logistique-13","body":"\u003Cp\u003EVenez nous rejoindre le mardi 5 mai 2026\u00a0pour participer au Focus m\u00e9tier sur le Transport et la Logistique.\u003C\/p\u003E","date_debut":"2026-05-05 08:00","date_fin":"2026-05-05 09:30","field_tags_public":"Particulier, Professionnel de la p\u00e9dagogie, Partenaire"},{"nid":"3238","title":"TOULOUSE\/HIPPODROME-CEPIERE : Pr\u00e9sentation des m\u00e9tiers Transport Logistique","field_key_intro_image":"","field_category":"Promotion-Valorisation, Emploi, Formation, Logistique, Orientation, Transport","path":"https:\/\/www.aft-dev.com\/agenda\/toulousehippodrome-cepiere-presentation-metiers-transport-logistique","body":"\u003Cp\u003EVenez d\u00e9couvrir les m\u00e9tiers du transport et de la logistique \u003Cstrong\u003EVendredi 5 mai prochain\u00a0de 9h \u00e0 11h\u00a0\u003C\/strong\u003E\u00a0\u00e0 l\u0027Agence FRANCE TRAVAIL\u00a0Toulouse C\u00e9pi\u00e8re\/Hippodrome\u003C\/p\u003E\n\n\u003Cp\u003E\u00a0\u003C\/p\u003E\n\n\u003Cp class=\u0022encadre\u0022\u003EIMPORTANT : Inscription obligatoire aupr\u00e8s de votre conseiller FRANCE TRAVAIL\u003C\/p\u003E","date_debut":"2026-05-05 07:00","date_fin":"2026-05-05 07:00","field_tags_public":"Particulier, Partenaire"},{"nid":"8110","title":"Village des M\u00e9tiers du Transport \u0026amp; de la Logistique - Rouen","field_key_intro_image":"https:\/\/www.aft-dev.com\/sites\/default\/files\/agenda\/Village-m%C3%A9tiers-Normandie-2026%20%28Publication%20LinkedIn%29.png","field_category":"Promotion-Valorisation","path":"https:\/\/www.aft-dev.com\/agenda\/village-metiers-transport-logistique-rouen","body":"\u003Cp\u003E\u003Cstrong\u003ELa D\u00e9l\u00e9gation Normandie de l\u0027AFT Transport \u0026amp; Logistique organise mardi 5\u00a0mai 2026 \u00e0 Rouen (76) son premier Village des M\u00e9tiers du Transport et de la Logistique.\u003Cbr \/\u003E\nVous \u00eates int\u00e9ress\u00e9 par les m\u00e9tiers et les formations de ce secteur ? Cet \u00e9v\u00e9nement est fait pour vous !\u00a0\u003C\/strong\u003E\u003C\/p\u003E","date_debut":"2026-05-05 07:00","date_fin":"2026-05-05 15:00","field_tags_public":"Entreprise, Particulier, Professionnel de la p\u00e9dagogie, Partenaire"},{"nid":"8028","title":"Dialogue avec 1 pro \u0026quot;Exploitant dans le Transport (sanitaire, marchandises et voyageurs)\u0026quot;","field_key_intro_image":"https:\/\/www.aft-dev.com\/sites\/default\/files\/agenda\/Vignette-site-aft-dialogue-avec-1-pro%20%28700%20x%20465%20px%29_0.jpg","field_category":"Promotion-Valorisation, Emploi, Formation","path":"https:\/\/www.aft-dev.com\/agenda\/dialogue-1-pro-exploitant-dans-transport-sanitaire-marchandises-voyageurs","body":"\u003Ch2\u003EVenez \u00e9changer en ligne avec\u00a0un\u00a0 professionnel du secteur transport\/logistique\u003C\/h2\u003E\n\n\u003Cp\u003EInteractif, rapide et facile \u00e0 mettre en oeuvre, vous \u00e9coutez gr\u00e2ce \u00e0 une connexion internet, un ou une professionnelle expliquer son m\u00e9tier en direct.\u00a0\u003C\/p\u003E","date_debut":"2026-04-28 12:00","date_fin":"2026-04-28 13:00","field_tags_public":"Particulier, Professionnel de la p\u00e9dagogie, Partenaire"},{"nid":"8138","title":"Forum \u0026quot;Chope ton Job\u0026quot; \u00e0 Sucy en Brie","field_key_intro_image":"https:\/\/www.aft-dev.com\/sites\/default\/files\/agenda\/Capture%20d%27%C3%A9cran%202026-04-15%20183834.png","field_category":"Promotion-Valorisation, Emploi, Orientation","path":"https:\/\/www.aft-dev.com\/agenda\/forum-chope-ton-job-sucy-en-brie","body":"\u003Cp\u003EL\u0027AFT Ile de France sera pr\u00e9sente \u00e0 la 4\u00e8me \u00e9dition du forum \u0022Chope ton Job\u0022 organis\u00e9 par la maison de l\u0027emploi et de l\u0027entreprise de Sucy en Brie. Une belle occasion pour\u00a0informer,\u00a0\u00e9changer et valoriser les m\u00e9tiers du secteur.\u003C\/p\u003E\n\n\u003Cp\u003E\u00a0\u003C\/p\u003E","date_debut":"2026-04-15 14:00","date_fin":"2026-04-15 18:00","field_tags_public":"Particulier"},{"nid":"3204","title":"Montpellier : Forum sp\u00e9cial Femmes- Les m\u00e9tiers du transport","field_key_intro_image":"","field_category":"Promotion-Valorisation, Emploi, Formation, Logistique, Orientation, Transport","path":"https:\/\/www.aft-dev.com\/agenda\/montpellier-forum-special-femmes-metiers-transport","body":"\u003Cp\u003EVenez nous rejoindre le\u003Cstrong\u003E\u00a0Mardi 14 avril prochain\u00a0\u00e0 14h \u00e0 la Maison de l\u0027Orientation de Montpellier\u003C\/strong\u003E\u00a0pour participer au Forum sp\u00e9cial Femmes - Les m\u00e9tiers du transport.\u00a0\u003C\/p\u003E\n\n\u003Cp\u003E\u00a0\u003C\/p\u003E","date_debut":"2026-04-14 12:00","date_fin":"2026-04-14 14:00","field_tags_public":"Entreprise, Particulier, Professionnel de la p\u00e9dagogie, Partenaire"},{"nid":"8094","title":"Lunel : Pr\u00e9sentation des m\u00e9tiers Transport Logistique aux jeunes de l\u0026#039;Ecole R\u00e9gionale de la 2eme Chance ","field_key_intro_image":"","field_category":"Promotion-Valorisation, Emploi, Formation, Logistique, Orientation, Transport","path":"https:\/\/www.aft-dev.com\/agenda\/lunel-presentation-metiers-transport-logistique-aux-jeunes-lecole-regionale-2eme-chance","body":"\u003Cp\u003EL\u0027AFT Occitanie pr\u00e9sentera les m\u00e9tiers du Transport et de la Logistique aux jeunes de l\u0027Ecole R\u00e9gionale de la 2\u00e8me chance le Lundi 13 avril de 14h \u00e0 15h30.\u003C\/p\u003E","date_debut":"2026-04-13 12:00","date_fin":"2026-04-13 12:00","field_tags_public":"Entreprise, Particulier, Professionnel de la p\u00e9dagogie, Partenaire"},{"nid":"7926","title":"CAR\u0026#039;ELLES CONDUISENT","field_key_intro_image":"https:\/\/www.aft-dev.com\/sites\/default\/files\/agenda\/AFFICHE%20Car%27elles%20Conduisent%20format%20PNG.png","field_category":"Emploi, Formation, Orientation, Transport","path":"https:\/\/www.aft-dev.com\/agenda\/carelles-conduisent","body":"\u003Cp\u003EFavoriser l\u2019acc\u00e8s des femmes au m\u00e9tier de Conductrice en Transport en Commun sur Route (CTCR) avec cette formation 100% FEMININ.\u003C\/p\u003E\n\n\u003Cp\u003E\u00a0\u003C\/p\u003E","date_debut":"2026-04-12 22:00","date_fin":"2026-07-15 22:00","field_tags_public":"Particulier"},{"nid":"5521","title":"Lunel : FORUM DECOUVERTE METIERS","field_key_intro_image":"","field_category":"Promotion-Valorisation, Emploi, Formation, Logistique, Orientation, Transport","path":"https:\/\/www.aft-dev.com\/agenda\/lunel-forum-decouverte-metiers","body":"\u003Cp\u003EL\u0022AFT Occitanie sera pr\u00e9sente Vendredi 10 avril\u00a0prochain \u00e0 partir de 9h\u00a0aux\u00a0Ar\u00e8nes de Lunel pour pr\u00e9senter les m\u00e9tiers du transport et de la logistique lors du\u00a0Forum D\u00e9couverte m\u00e9tiers.\u003C\/p\u003E\n\n\u003Cp\u003E\u00a0\u003C\/p\u003E","date_debut":"2026-04-10 07:00","date_fin":"2026-04-10 07:00","field_tags_public":"Entreprise, Particulier, Partenaire"},{"nid":"7952","title":"Webinaire Focus M\u00e9tiers : La Logistique","field_key_intro_image":"https:\/\/www.aft-dev.com\/sites\/default\/files\/agenda\/Banniere_WEBINAR_700x500_HDF_080422_9.jpg","field_category":"Promotion-Valorisation, Emploi, Formation, Logistique, Orientation, Transport","path":"https:\/\/www.aft-dev.com\/agenda\/webinaire-focus-metiers-logistique-1","body":"\u003Cp\u003EVous souhaitez d\u00e9couvrir un\u003Cstrong\u003E secteur dynamique, essentiel et en pleine croissance\u003C\/strong\u003E ?\u003C\/p\u003E\n\n\u003Cp\u003EParticipez \u00e0 notre webinaire gratuit d\u2019une heure consacr\u00e9 aux m\u00e9tiers de la \u003Cstrong\u003Elogistique\u003C\/strong\u003E.\u003C\/p\u003E","date_debut":"2026-04-09 12:00","date_fin":"2026-04-09 13:00","field_tags_public":"Particulier"},{"nid":"7817","title":"Balma : Pr\u00e9sentation des m\u00e9tiers du transport et de la logistique ","field_key_intro_image":"","field_category":"Promotion-Valorisation, Emploi, Formation, Logistique, Orientation, Transport","path":"https:\/\/www.aft-dev.com\/agenda\/balma-presentation-metiers-transport-logistique","body":"\u003Cp\u003EL\u0027AFT Occitanie pr\u00e9sentera les m\u00e9tiers du transport et de la logistique le mardi 9 avril\u00a0\u00e0 9h aux jeunes du centre de formation IFCDIS dans le cadre de leur projet professionnel.\u003C\/p\u003E","date_debut":"2026-04-09 07:00","date_fin":"2026-04-09 07:00","field_tags_public":"Particulier, Partenaire"},{"nid":"3259","title":"Albi : Salon TAF - Travail Avenir Formation ","field_key_intro_image":"","field_category":"Promotion-Valorisation, Emploi, Formation, Logistique, Orientation, Transport","path":"https:\/\/www.aft-dev.com\/agenda\/albi-salon-taf-travail-avenir-formation","body":"\u003Cp\u003EParticipation de l\u0027AFT Occitanie au Salon du Travail Avenir Formation (TAF) qu\u0027organise la R\u00e9gion le 8 avril prochain\u00a0\u003C\/p\u003E","date_debut":"2026-04-08 07:00","date_fin":"2026-04-08 15:00","field_tags_public":"Entreprise, Particulier, Professionnel de la p\u00e9dagogie, Partenaire"},{"nid":"7718","title":"Les M\u00e9tiers en Tourn\u00e9e - Argentan","field_key_intro_image":"https:\/\/www.aft-dev.com\/sites\/default\/files\/agenda\/PHOTO%20-%20Site%20AFT%20%285%29.png","field_category":"Promotion-Valorisation","path":"https:\/\/www.aft-dev.com\/agenda\/metiers-en-tournee-argentan","body":"\u003Cp\u003EL\u2019Agence R\u00e9gionale de l\u2019Orientation et des M\u00e9tiers et ses partenaires vous attendent pour la prochaine date des M\u00e9tiers en Tourn\u00e9e les 8 et 9 avril 2026\u00a0\u00e0 Argentan.\u003C\/p\u003E","date_debut":"2026-04-08 07:00","date_fin":"2026-04-09 14:00","field_tags_public":"Entreprise, Particulier, Partenaire"},{"nid":"7872","title":"Focus m\u00e9tiers Transport - Logistique","field_key_intro_image":"https:\/\/www.aft-dev.com\/sites\/default\/files\/agenda\/Focus-m%C3%A9tiers_2.jpg","field_category":"Emploi, Logistique, Orientation, Transport","path":"https:\/\/www.aft-dev.com\/agenda\/focus-metiers-transport-logistique-12","body":"\u003Cp\u003EVenez nous rejoindre le mardi 7 avril\u00a02026\u00a0pour participer au Focus m\u00e9tier sur le Transport et la Logistique\u003C\/p\u003E","date_debut":"2026-04-07 08:00","date_fin":"2026-04-07 09:30","field_tags_public":"Particulier, Professionnel de la p\u00e9dagogie, Partenaire"},{"nid":"6232","title":"Toulouse : Les jeunes de l\u0026#039;Ecole R\u00e9gionale de la 2eme Chance d\u00e9couvrent les m\u00e9tiers du secteur Transport Logistique ","field_key_intro_image":"","field_category":"Promotion-Valorisation, Emploi, Formation, Logistique, Orientation, Transport","path":"https:\/\/www.aft-dev.com\/agenda\/toulouse-jeunes-lecole-regionale-2eme-chance-decouvrent-metiers-secteur-transport-logistique","body":"\u003Cp\u003EL\u0027AFT Occitanie pr\u00e9sentera les m\u00e9tiers du transport et de la logistique aux jeunes de l\u0027Ecole R\u00e9gionale de la 2eme Chance le jeudi 2 avril\u00a0prochain de 14h\u00a0\u00e0 16h.\u00a0\u003C\/p\u003E","date_debut":"2026-04-02 12:00","date_fin":"2026-04-02 12:00","field_tags_public":"Entreprise, Particulier, Professionnel de la p\u00e9dagogie, Partenaire"},{"nid":"3264","title":"Perpignan : Salon TAF - Travail Avenir Formation ","field_key_intro_image":"","field_category":"Promotion-Valorisation, Emploi, Formation, Logistique, Orientation, Transport","path":"https:\/\/www.aft-dev.com\/agenda\/perpignan-salon-taf-travail-avenir-formation","body":"\u003Cp\u003EParticipation de l\u0027AFT Occitanie au Salon du Travail Avenir Formation (TAF) qu\u0027organise la R\u00e9gion le 2 avril\u00a0prochain.\u00a0\u003C\/p\u003E","date_debut":"2026-04-02 07:00","date_fin":"2026-04-02 16:00","field_tags_public":"Entreprise, Particulier, Professionnel de la p\u00e9dagogie, Partenaire"},{"nid":"4482","title":"Mende : Salon TAF - Travail Avenir Formation ","field_key_intro_image":"","field_category":"Promotion-Valorisation, Emploi, Formation, Logistique, Orientation, Transport","path":"https:\/\/www.aft-dev.com\/agenda\/mende-salon-taf-travail-avenir-formation","body":"\u003Cp\u003EParticipation de l\u0027AFT Occitanie au Salon du Travail Avenir Formation (TAF) qu\u0027organise la R\u00e9gion le 2 avril\u00a0prochain.\u003C\/p\u003E","date_debut":"2026-04-02 06:00","date_fin":"2026-04-02 06:00","field_tags_public":"Entreprise, Particulier, Partenaire"},{"nid":"8044","title":"Rencontre Emploi \u0026amp; Formation - Yvet\u00f4t","field_key_intro_image":"https:\/\/www.aft-dev.com\/sites\/default\/files\/agenda\/PHOTO%20-%20Site%20AFT%20%2817%29.png","field_category":"Promotion-Valorisation","path":"https:\/\/www.aft-dev.com\/agenda\/rencontre-emploi-formation-yvetot","body":"\u003Cp\u003E\u003Cstrong\u003ELa 14e \u00e9dition de la Rencontre Emploi \u0026amp; Formation\u00a0organis\u00e9e par la Mission Locale Caux-Seine Austreberthe aura lieu le 1er avril\u00a02026 \u00e0 la Salle du Vieux Moulin \u00e0 Yvet\u00f4t (76).\u003C\/strong\u003E\u003C\/p\u003E","date_debut":"2026-04-01 11:30","date_fin":"2026-04-01 15:00","field_tags_public":"Entreprise, Particulier, Professionnel de la p\u00e9dagogie, Partenaire"},{"nid":"3258","title":"Montauban -  Salon TAF - Travail Avenir Formation ","field_key_intro_image":"","field_category":"Promotion-Valorisation, Emploi, Formation, Logistique, Orientation, Transport","path":"https:\/\/www.aft-dev.com\/agenda\/montauban-salon-taf-travail-avenir-formation","body":"\u003Cp\u003EParticipation de l\u0027AFT Occitanie au Salon du Travail Avenir Formation (TAF) qu\u0027organise la R\u00e9gion le 1er avril\u00a0prochain.\u003C\/p\u003E","date_debut":"2026-04-01 06:00","date_fin":"2026-04-01 16:00","field_tags_public":"Entreprise, Particulier, Professionnel de la p\u00e9dagogie, Partenaire"},{"nid":"3261","title":"Saint Gaudens : Salon TAF - Travail Avenir Formation ","field_key_intro_image":"","field_category":"Promotion-Valorisation, Emploi, Formation, Logistique, Orientation, Transport","path":"https:\/\/www.aft-dev.com\/agenda\/saint-gaudens-salon-taf-travail-avenir-formation","body":"\u003Cp\u003EParticipation de l\u0027AFT Occitanie au Salon du Travail Avenir Formation (TAF) qu\u0027organise la R\u00e9gion le 26\u00a0mars\u00a0prochain.\u00a0\u003C\/p\u003E","date_debut":"2026-03-26 07:00","date_fin":"2026-03-26 17:00","field_tags_public":"Entreprise, Particulier, Professionnel de la p\u00e9dagogie, Partenaire"}]